{"id":827,"date":"2022-02-16T11:02:41","date_gmt":"2022-02-16T11:02:41","guid":{"rendered":"https:\/\/tennisschule-gerdijan.de\/?p=827"},"modified":"2026-07-23T20:20:07","modified_gmt":"2026-07-23T20:20:07","slug":"goran-gerdijan-trifft-novak-dokovic-in-belgrad","status":"publish","type":"post","link":"https:\/\/tennisschule-gerdijan.de\/?p=827","title":{"rendered":"Goran Gerdijan trifft Novak \u0110okovi\u0107 in Belgrad"},"content":{"rendered":"\n<p>Goran Gerdijan war am vergangenen Wochenende in Belgrad (Serbien) und traf dort Novak \u0110okovi\u0107 h\u00f6chst pers\u00f6nlich, die derzeitige Nr. 1 der Weltrangliste. <\/p>\n\n\n\n<figure class=\"wp-block-image size-large\"><img decoding=\"async\" src=\"https:\/\/tennisschule-gerdijan.de\/wp-content\/uploads\/2022\/02\/2022_Djokovic_3-819x1024.jpg\" alt=\"\" class=\"wp-image-828\"\/><\/figure>\n","protected":false},"excerpt":{"rendered":"<p>Goran Gerdijan war am vergangenen Wochenende in Belgrad (Serbien) und traf dort Novak \u0110okovi\u0107 h\u00f6chst pers\u00f6nlich, die derzeitige Nr. 1 der Weltrangliste. <\/p>\n","protected":false},"author":1,"featured_media":828,"comment_status":"closed","ping_status":"open","sticky":false,"template":"","format":"standard","meta":{"footnotes":""},"categories":[3],"tags":[],"class_list":["post-827","post","type-post","status-publish","format-standard","has-post-thumbnail","hentry","category-news"],"yoast_head":"<!-- This site is optimized with the Yoast SEO plugin v27.3 - https:\/\/yoast.com\/product\/yoast-seo-wordpress\/ -->\n<title>Goran Gerdijan trifft Novak \u0110okovi\u0107 in Belgrad - Tennisschule Gerdijan<\/title>\n<meta name=\"description\" content=\"Goran Gerdijan war am vergangenen Wochenende in Belgrad (Serbien) und traf dort Novak \u0110okovi\u0107 h\u00f6chst pers\u00f6nlich, die derzeitige Nr. 1 der Weltrangliste.\" \/>\n<meta name=\"robots\" content=\"index, follow, max-snippet:-1, max-image-preview:large, max-video-preview:-1\" \/>\n<link rel=\"canonical\" href=\"https:\/\/tennisschule-gerdijan.de\/?p=827\" \/>\n<meta property=\"og:locale\" content=\"de_DE\" \/>\n<meta property=\"og:type\" content=\"article\" \/>\n<meta property=\"og:title\" content=\"Goran Gerdijan trifft Novak \u0110okovi\u0107 in Belgrad - Tennisschule Gerdijan\" \/>\n<meta property=\"og:description\" content=\"Goran Gerdijan war am vergangenen Wochenende in Belgrad (Serbien) und traf dort Novak \u0110okovi\u0107 h\u00f6chst pers\u00f6nlich, die derzeitige Nr. 1 der Weltrangliste.\" \/>\n<meta property=\"og:url\" content=\"https:\/\/tennisschule-gerdijan.de\/?p=827\" \/>\n<meta property=\"og:site_name\" content=\"Tennisschule Gerdijan\" \/>\n<meta property=\"article:published_time\" content=\"2022-02-16T11:02:41+00:00\" \/>\n<meta property=\"article:modified_time\" content=\"2026-07-23T20:20:07+00:00\" \/>\n<meta property=\"og:image\" content=\"https:\/\/tennisschule-gerdijan.de\/wp-content\/uploads\/2022\/02\/2022_Djokovic_3-e1645009409302.jpg\" \/>\n\t<meta property=\"og:image:width\" content=\"1280\" \/>\n\t<meta property=\"og:image:height\" content=\"1092\" \/>\n\t<meta property=\"og:image:type\" content=\"image\/jpeg\" \/>\n<meta name=\"author\" content=\"admin\" \/>\n<meta name=\"twitter:card\" content=\"summary_large_image\" \/>\n<meta name=\"twitter:label1\" content=\"Verfasst von\" \/>\n\t<meta name=\"twitter:data1\" content=\"admin\" \/>\n<script type=\"application\/ld+json\" class=\"yoast-schema-graph\">{\"@context\":\"https:\\\/\\\/schema.org\",\"@graph\":[{\"@type\":\"Article\",\"@id\":\"https:\\\/\\\/tennisschule-gerdijan.de\\\/?p=827#article\",\"isPartOf\":{\"@id\":\"https:\\\/\\\/tennisschule-gerdijan.de\\\/?p=827\"},\"author\":{\"name\":\"admin\",\"@id\":\"https:\\\/\\\/tennisschule-gerdijan.de\\\/#\\\/schema\\\/person\\\/03e0f447ebd8e47dcee602b59aa18d3e\"},\"headline\":\"Goran Gerdijan trifft Novak \u0110okovi\u0107 in Belgrad\",\"datePublished\":\"2022-02-16T11:02:41+00:00\",\"dateModified\":\"2026-07-23T20:20:07+00:00\",\"mainEntityOfPage\":{\"@id\":\"https:\\\/\\\/tennisschule-gerdijan.de\\\/?p=827\"},\"wordCount\":30,\"publisher\":{\"@id\":\"https:\\\/\\\/tennisschule-gerdijan.de\\\/#organization\"},\"image\":{\"@id\":\"https:\\\/\\\/tennisschule-gerdijan.de\\\/?p=827#primaryimage\"},\"thumbnailUrl\":\"https:\\\/\\\/tennisschule-gerdijan.de\\\/wp-content\\\/uploads\\\/2022\\\/02\\\/2022_Djokovic_3-e1645009409302.jpg\",\"articleSection\":[\"News\"],\"inLanguage\":\"de\"},{\"@type\":\"WebPage\",\"@id\":\"https:\\\/\\\/tennisschule-gerdijan.de\\\/?p=827\",\"url\":\"https:\\\/\\\/tennisschule-gerdijan.de\\\/?p=827\",\"name\":\"Goran Gerdijan trifft Novak \u0110okovi\u0107 in Belgrad - Tennisschule Gerdijan\",\"isPartOf\":{\"@id\":\"https:\\\/\\\/tennisschule-gerdijan.de\\\/#website\"},\"primaryImageOfPage\":{\"@id\":\"https:\\\/\\\/tennisschule-gerdijan.de\\\/?p=827#primaryimage\"},\"image\":{\"@id\":\"https:\\\/\\\/tennisschule-gerdijan.de\\\/?p=827#primaryimage\"},\"thumbnailUrl\":\"https:\\\/\\\/tennisschule-gerdijan.de\\\/wp-content\\\/uploads\\\/2022\\\/02\\\/2022_Djokovic_3-e1645009409302.jpg\",\"datePublished\":\"2022-02-16T11:02:41+00:00\",\"dateModified\":\"2026-07-23T20:20:07+00:00\",\"breadcrumb\":{\"@id\":\"https:\\\/\\\/tennisschule-gerdijan.de\\\/?p=827#breadcrumb\"},\"inLanguage\":\"de\",\"potentialAction\":[{\"@type\":\"ReadAction\",\"target\":[\"https:\\\/\\\/tennisschule-gerdijan.de\\\/?p=827\"]}]},{\"@type\":\"ImageObject\",\"inLanguage\":\"de\",\"@id\":\"https:\\\/\\\/tennisschule-gerdijan.de\\\/?p=827#primaryimage\",\"url\":\"https:\\\/\\\/tennisschule-gerdijan.de\\\/wp-content\\\/uploads\\\/2022\\\/02\\\/2022_Djokovic_3-e1645009409302.jpg\",\"contentUrl\":\"https:\\\/\\\/tennisschule-gerdijan.de\\\/wp-content\\\/uploads\\\/2022\\\/02\\\/2022_Djokovic_3-e1645009409302.jpg\",\"width\":1280,\"height\":1092},{\"@type\":\"BreadcrumbList\",\"@id\":\"https:\\\/\\\/tennisschule-gerdijan.de\\\/?p=827#breadcrumb\",\"itemListElement\":[{\"@type\":\"ListItem\",\"position\":1,\"name\":\"Start\",\"item\":\"https:\\\/\\\/tennisschule-gerdijan.de\\\/\"},{\"@type\":\"ListItem\",\"position\":2,\"name\":\"Goran Gerdijan trifft Novak \u0110okovi\u0107 in Belgrad\"}]},{\"@type\":\"WebSite\",\"@id\":\"https:\\\/\\\/tennisschule-gerdijan.de\\\/#website\",\"url\":\"https:\\\/\\\/tennisschule-gerdijan.de\\\/\",\"name\":\"Tennisschule Gerdijan\",\"description\":\"Die Tennisschule im Raum Kehl seit 1991!\",\"publisher\":{\"@id\":\"https:\\\/\\\/tennisschule-gerdijan.de\\\/#organization\"},\"potentialAction\":[{\"@type\":\"SearchAction\",\"target\":{\"@type\":\"EntryPoint\",\"urlTemplate\":\"https:\\\/\\\/tennisschule-gerdijan.de\\\/?s={search_term_string}\"},\"query-input\":{\"@type\":\"PropertyValueSpecification\",\"valueRequired\":true,\"valueName\":\"search_term_string\"}}],\"inLanguage\":\"de\"},{\"@type\":\"Organization\",\"@id\":\"https:\\\/\\\/tennisschule-gerdijan.de\\\/#organization\",\"name\":\"Tennisschule Gerdijan\",\"url\":\"https:\\\/\\\/tennisschule-gerdijan.de\\\/\",\"logo\":{\"@type\":\"ImageObject\",\"inLanguage\":\"de\",\"@id\":\"https:\\\/\\\/tennisschule-gerdijan.de\\\/#\\\/schema\\\/logo\\\/image\\\/\",\"url\":\"https:\\\/\\\/tennisschule-gerdijan.de\\\/wp-content\\\/uploads\\\/2020\\\/12\\\/Logo_Tennisschule_Goran_Gerdijan_NEU.png\",\"contentUrl\":\"https:\\\/\\\/tennisschule-gerdijan.de\\\/wp-content\\\/uploads\\\/2020\\\/12\\\/Logo_Tennisschule_Goran_Gerdijan_NEU.png\",\"width\":1280,\"height\":1280,\"caption\":\"Tennisschule Gerdijan\"},\"image\":{\"@id\":\"https:\\\/\\\/tennisschule-gerdijan.de\\\/#\\\/schema\\\/logo\\\/image\\\/\"}},{\"@type\":\"Person\",\"@id\":\"https:\\\/\\\/tennisschule-gerdijan.de\\\/#\\\/schema\\\/person\\\/03e0f447ebd8e47dcee602b59aa18d3e\",\"name\":\"admin\",\"image\":{\"@type\":\"ImageObject\",\"inLanguage\":\"de\",\"@id\":\"https:\\\/\\\/secure.gravatar.com\\\/avatar\\\/6b9ed3d576ce68cd81fbcebf23c17edfdf65fb0f756ca86f02489cb5dfb54fd0?s=96&d=mm&r=g\",\"url\":\"https:\\\/\\\/secure.gravatar.com\\\/avatar\\\/6b9ed3d576ce68cd81fbcebf23c17edfdf65fb0f756ca86f02489cb5dfb54fd0?s=96&d=mm&r=g\",\"contentUrl\":\"https:\\\/\\\/secure.gravatar.com\\\/avatar\\\/6b9ed3d576ce68cd81fbcebf23c17edfdf65fb0f756ca86f02489cb5dfb54fd0?s=96&d=mm&r=g\",\"caption\":\"admin\"},\"sameAs\":[\"https:\\\/\\\/tennisschule-gerdijan.de\"],\"url\":\"https:\\\/\\\/tennisschule-gerdijan.de\\\/?author=1\"}]}<\/script>\n<!-- \/ Yoast SEO plugin. -->","yoast_head_json":{"title":"Goran Gerdijan trifft Novak \u0110okovi\u0107 in Belgrad - Tennisschule Gerdijan","description":"Goran Gerdijan war am vergangenen Wochenende in Belgrad (Serbien) und traf dort Novak \u0110okovi\u0107 h\u00f6chst pers\u00f6nlich, die derzeitige Nr. 1 der Weltrangliste.","robots":{"index":"index","follow":"follow","max-snippet":"max-snippet:-1","max-image-preview":"max-image-preview:large","max-video-preview":"max-video-preview:-1"},"canonical":"https:\/\/tennisschule-gerdijan.de\/?p=827","og_locale":"de_DE","og_type":"article","og_title":"Goran Gerdijan trifft Novak \u0110okovi\u0107 in Belgrad - Tennisschule Gerdijan","og_description":"Goran Gerdijan war am vergangenen Wochenende in Belgrad (Serbien) und traf dort Novak \u0110okovi\u0107 h\u00f6chst pers\u00f6nlich, die derzeitige Nr. 1 der Weltrangliste.","og_url":"https:\/\/tennisschule-gerdijan.de\/?p=827","og_site_name":"Tennisschule Gerdijan","article_published_time":"2022-02-16T11:02:41+00:00","article_modified_time":"2026-07-23T20:20:07+00:00","og_image":[{"width":1280,"height":1092,"url":"https:\/\/tennisschule-gerdijan.de\/wp-content\/uploads\/2022\/02\/2022_Djokovic_3-e1645009409302.jpg","type":"image\/jpeg"}],"author":"admin","twitter_card":"summary_large_image","twitter_misc":{"Verfasst von":"admin"},"schema":{"@context":"https:\/\/schema.org","@graph":[{"@type":"Article","@id":"https:\/\/tennisschule-gerdijan.de\/?p=827#article","isPartOf":{"@id":"https:\/\/tennisschule-gerdijan.de\/?p=827"},"author":{"name":"admin","@id":"https:\/\/tennisschule-gerdijan.de\/#\/schema\/person\/03e0f447ebd8e47dcee602b59aa18d3e"},"headline":"Goran Gerdijan trifft Novak \u0110okovi\u0107 in Belgrad","datePublished":"2022-02-16T11:02:41+00:00","dateModified":"2026-07-23T20:20:07+00:00","mainEntityOfPage":{"@id":"https:\/\/tennisschule-gerdijan.de\/?p=827"},"wordCount":30,"publisher":{"@id":"https:\/\/tennisschule-gerdijan.de\/#organization"},"image":{"@id":"https:\/\/tennisschule-gerdijan.de\/?p=827#primaryimage"},"thumbnailUrl":"https:\/\/tennisschule-gerdijan.de\/wp-content\/uploads\/2022\/02\/2022_Djokovic_3-e1645009409302.jpg","articleSection":["News"],"inLanguage":"de"},{"@type":"WebPage","@id":"https:\/\/tennisschule-gerdijan.de\/?p=827","url":"https:\/\/tennisschule-gerdijan.de\/?p=827","name":"Goran Gerdijan trifft Novak \u0110okovi\u0107 in Belgrad - Tennisschule Gerdijan","isPartOf":{"@id":"https:\/\/tennisschule-gerdijan.de\/#website"},"primaryImageOfPage":{"@id":"https:\/\/tennisschule-gerdijan.de\/?p=827#primaryimage"},"image":{"@id":"https:\/\/tennisschule-gerdijan.de\/?p=827#primaryimage"},"thumbnailUrl":"https:\/\/tennisschule-gerdijan.de\/wp-content\/uploads\/2022\/02\/2022_Djokovic_3-e1645009409302.jpg","datePublished":"2022-02-16T11:02:41+00:00","dateModified":"2026-07-23T20:20:07+00:00","breadcrumb":{"@id":"https:\/\/tennisschule-gerdijan.de\/?p=827#breadcrumb"},"inLanguage":"de","potentialAction":[{"@type":"ReadAction","target":["https:\/\/tennisschule-gerdijan.de\/?p=827"]}]},{"@type":"ImageObject","inLanguage":"de","@id":"https:\/\/tennisschule-gerdijan.de\/?p=827#primaryimage","url":"https:\/\/tennisschule-gerdijan.de\/wp-content\/uploads\/2022\/02\/2022_Djokovic_3-e1645009409302.jpg","contentUrl":"https:\/\/tennisschule-gerdijan.de\/wp-content\/uploads\/2022\/02\/2022_Djokovic_3-e1645009409302.jpg","width":1280,"height":1092},{"@type":"BreadcrumbList","@id":"https:\/\/tennisschule-gerdijan.de\/?p=827#breadcrumb","itemListElement":[{"@type":"ListItem","position":1,"name":"Start","item":"https:\/\/tennisschule-gerdijan.de\/"},{"@type":"ListItem","position":2,"name":"Goran Gerdijan trifft Novak \u0110okovi\u0107 in Belgrad"}]},{"@type":"WebSite","@id":"https:\/\/tennisschule-gerdijan.de\/#website","url":"https:\/\/tennisschule-gerdijan.de\/","name":"Tennisschule Gerdijan","description":"Die Tennisschule im Raum Kehl seit 1991!","publisher":{"@id":"https:\/\/tennisschule-gerdijan.de\/#organization"},"potentialAction":[{"@type":"SearchAction","target":{"@type":"EntryPoint","urlTemplate":"https:\/\/tennisschule-gerdijan.de\/?s={search_term_string}"},"query-input":{"@type":"PropertyValueSpecification","valueRequired":true,"valueName":"search_term_string"}}],"inLanguage":"de"},{"@type":"Organization","@id":"https:\/\/tennisschule-gerdijan.de\/#organization","name":"Tennisschule Gerdijan","url":"https:\/\/tennisschule-gerdijan.de\/","logo":{"@type":"ImageObject","inLanguage":"de","@id":"https:\/\/tennisschule-gerdijan.de\/#\/schema\/logo\/image\/","url":"https:\/\/tennisschule-gerdijan.de\/wp-content\/uploads\/2020\/12\/Logo_Tennisschule_Goran_Gerdijan_NEU.png","contentUrl":"https:\/\/tennisschule-gerdijan.de\/wp-content\/uploads\/2020\/12\/Logo_Tennisschule_Goran_Gerdijan_NEU.png","width":1280,"height":1280,"caption":"Tennisschule Gerdijan"},"image":{"@id":"https:\/\/tennisschule-gerdijan.de\/#\/schema\/logo\/image\/"}},{"@type":"Person","@id":"https:\/\/tennisschule-gerdijan.de\/#\/schema\/person\/03e0f447ebd8e47dcee602b59aa18d3e","name":"admin","image":{"@type":"ImageObject","inLanguage":"de","@id":"https:\/\/secure.gravatar.com\/avatar\/6b9ed3d576ce68cd81fbcebf23c17edfdf65fb0f756ca86f02489cb5dfb54fd0?s=96&d=mm&r=g","url":"https:\/\/secure.gravatar.com\/avatar\/6b9ed3d576ce68cd81fbcebf23c17edfdf65fb0f756ca86f02489cb5dfb54fd0?s=96&d=mm&r=g","contentUrl":"https:\/\/secure.gravatar.com\/avatar\/6b9ed3d576ce68cd81fbcebf23c17edfdf65fb0f756ca86f02489cb5dfb54fd0?s=96&d=mm&r=g","caption":"admin"},"sameAs":["https:\/\/tennisschule-gerdijan.de"],"url":"https:\/\/tennisschule-gerdijan.de\/?author=1"}]}},"_links":{"self":[{"href":"https:\/\/tennisschule-gerdijan.de\/index.php?rest_route=\/wp\/v2\/posts\/827","targetHints":{"allow":["GET"]}}],"collection":[{"href":"https:\/\/tennisschule-gerdijan.de\/index.php?rest_route=\/wp\/v2\/posts"}],"about":[{"href":"https:\/\/tennisschule-gerdijan.de\/index.php?rest_route=\/wp\/v2\/types\/post"}],"author":[{"embeddable":true,"href":"https:\/\/tennisschule-gerdijan.de\/index.php?rest_route=\/wp\/v2\/users\/1"}],"replies":[{"embeddable":true,"href":"https:\/\/tennisschule-gerdijan.de\/index.php?rest_route=%2Fwp%2Fv2%2Fcomments&post=827"}],"version-history":[{"count":1,"href":"https:\/\/tennisschule-gerdijan.de\/index.php?rest_route=\/wp\/v2\/posts\/827\/revisions"}],"predecessor-version":[{"id":830,"href":"https:\/\/tennisschule-gerdijan.de\/index.php?rest_route=\/wp\/v2\/posts\/827\/revisions\/830"}],"wp:featuredmedia":[{"embeddable":true,"href":"https:\/\/tennisschule-gerdijan.de\/index.php?rest_route=\/wp\/v2\/media\/828"}],"wp:attachment":[{"href":"https:\/\/tennisschule-gerdijan.de\/index.php?rest_route=%2Fwp%2Fv2%2Fmedia&parent=827"}],"wp:term":[{"taxonomy":"category","embeddable":true,"href":"https:\/\/tennisschule-gerdijan.de\/index.php?rest_route=%2Fwp%2Fv2%2Fcategories&post=827"},{"taxonomy":"post_tag","embeddable":true,"href":"https:\/\/tennisschule-gerdijan.de\/index.php?rest_route=%2Fwp%2Fv2%2Ftags&post=827"}],"curies":[{"name":"wp","href":"https:\/\/api.w.org\/{rel}","templated":true}]}}