{"id":776,"date":"2022-02-16T10:42:49","date_gmt":"2022-02-16T10:42:49","guid":{"rendered":"https:\/\/tennisschule-gerdijan.de\/?p=776"},"modified":"2026-07-23T20:20:07","modified_gmt":"2026-07-23T20:20:07","slug":"danilo-und-bane-gerdijan-in-der-tennis-academy-novak-dokovic","status":"publish","type":"post","link":"https:\/\/tennisschule-gerdijan.de\/?p=776","title":{"rendered":"Danilo und Bane Gerdijan in der Tennis Academy Novak \u0110okovi\u0107"},"content":{"rendered":"\n<p>Die Br\u00fcder Danilo und Bane Gerdijan sind \u00fcber die Schulferien in Belgrad (Serbien) gewesen und haben dort flei\u00dfig in der Tennis Academy Novak \u0110okovi\u0107 trainiert.<\/p>\n\n\n\n<p>Die aktuelle Nr. 1 der Weltrangliste Novak \u0110okovi\u0107 war ebenfalls in Belgrad, wo er sich zum n\u00e4chsten gro\u00dfen Turnier vorbereitet. Er hat Danilo und Bane Gerdijan eine riesige Freude bereitet und mit Ihnen gemeinsam ein Erinnerungsfoto gemacht. <\/p>\n\n\n\n<figure class=\"wp-block-image size-large\"><img loading=\"lazy\" decoding=\"async\" width=\"1024\" height=\"768\" src=\"https:\/\/tennisschule-gerdijan.de\/wp-content\/uploads\/2022\/02\/2022_Djokovic_1-1024x768.jpg\" alt=\"\" class=\"wp-image-777\" srcset=\"https:\/\/tennisschule-gerdijan.de\/wp-content\/uploads\/2022\/02\/2022_Djokovic_1-1024x768.jpg 1024w, https:\/\/tennisschule-gerdijan.de\/wp-content\/uploads\/2022\/02\/2022_Djokovic_1-300x225.jpg 300w, https:\/\/tennisschule-gerdijan.de\/wp-content\/uploads\/2022\/02\/2022_Djokovic_1-768x576.jpg 768w, https:\/\/tennisschule-gerdijan.de\/wp-content\/uploads\/2022\/02\/2022_Djokovic_1-1536x1152.jpg 1536w, https:\/\/tennisschule-gerdijan.de\/wp-content\/uploads\/2022\/02\/2022_Djokovic_1.jpg 2048w\" sizes=\"auto, (max-width: 1024px) 100vw, 1024px\" \/><\/figure>\n\n\n\n<figure class=\"wp-block-image size-large\"><img loading=\"lazy\" decoding=\"async\" width=\"819\" height=\"1024\" src=\"https:\/\/tennisschule-gerdijan.de\/wp-content\/uploads\/2022\/02\/2022_Djokovic_2-819x1024.jpg\" alt=\"\" class=\"wp-image-778\" srcset=\"https:\/\/tennisschule-gerdijan.de\/wp-content\/uploads\/2022\/02\/2022_Djokovic_2-819x1024.jpg 819w, https:\/\/tennisschule-gerdijan.de\/wp-content\/uploads\/2022\/02\/2022_Djokovic_2-240x300.jpg 240w, https:\/\/tennisschule-gerdijan.de\/wp-content\/uploads\/2022\/02\/2022_Djokovic_2-768x960.jpg 768w, https:\/\/tennisschule-gerdijan.de\/wp-content\/uploads\/2022\/02\/2022_Djokovic_2-1229x1536.jpg 1229w, https:\/\/tennisschule-gerdijan.de\/wp-content\/uploads\/2022\/02\/2022_Djokovic_2.jpg 1280w\" sizes=\"auto, (max-width: 819px) 100vw, 819px\" \/><\/figure>\n","protected":false},"excerpt":{"rendered":"<p>Die Br\u00fcder Danilo und Bane Gerdijan sind \u00fcber die Schulferien in Belgrad (Serbien) gewesen und haben dort flei\u00dfig in der Tennis Academy Novak \u0110okovi\u0107 trainiert.<\/p>\n","protected":false},"author":1,"featured_media":777,"comment_status":"closed","ping_status":"open","sticky":false,"template":"","format":"standard","meta":{"footnotes":""},"categories":[3,8],"tags":[],"class_list":["post-776","post","type-post","status-publish","format-standard","has-post-thumbnail","hentry","category-news","category-training"],"yoast_head":"<!-- This site is optimized with the Yoast SEO plugin v27.3 - https:\/\/yoast.com\/product\/yoast-seo-wordpress\/ -->\n<title>Danilo und Bane Gerdijan in der Tennis Academy Novak \u0110okovi\u0107 - Tennisschule Gerdijan<\/title>\n<meta name=\"description\" content=\"Die Br\u00fcder Danilo und Bane Gerdijan sind \u00fcber die Schulferien in Belgrad (Serbien) gewesen und haben dort flei\u00dfig in der Tennis Academy Novak \u0110okovi\u0107 trainiert.\" \/>\n<meta name=\"robots\" content=\"index, follow, max-snippet:-1, max-image-preview:large, max-video-preview:-1\" \/>\n<link rel=\"canonical\" href=\"https:\/\/tennisschule-gerdijan.de\/?p=776\" \/>\n<meta property=\"og:locale\" content=\"de_DE\" \/>\n<meta property=\"og:type\" content=\"article\" \/>\n<meta property=\"og:title\" content=\"Danilo und Bane Gerdijan in der Tennis Academy Novak \u0110okovi\u0107 - Tennisschule Gerdijan\" \/>\n<meta property=\"og:description\" content=\"Die Br\u00fcder Danilo und Bane Gerdijan sind \u00fcber die Schulferien in Belgrad (Serbien) gewesen und haben dort flei\u00dfig in der Tennis Academy Novak \u0110okovi\u0107 trainiert.\" \/>\n<meta property=\"og:url\" content=\"https:\/\/tennisschule-gerdijan.de\/?p=776\" \/>\n<meta property=\"og:site_name\" content=\"Tennisschule Gerdijan\" \/>\n<meta property=\"article:published_time\" content=\"2022-02-16T10:42:49+00:00\" \/>\n<meta property=\"article:modified_time\" content=\"2026-07-23T20:20:07+00:00\" \/>\n<meta property=\"og:image\" content=\"https:\/\/tennisschule-gerdijan.de\/wp-content\/uploads\/2022\/02\/2022_Djokovic_1.jpg\" \/>\n\t<meta property=\"og:image:width\" content=\"2048\" \/>\n\t<meta property=\"og:image:height\" content=\"1536\" \/>\n\t<meta property=\"og:image:type\" content=\"image\/jpeg\" \/>\n<meta name=\"author\" content=\"admin\" \/>\n<meta name=\"twitter:card\" content=\"summary_large_image\" \/>\n<meta name=\"twitter:label1\" content=\"Verfasst von\" \/>\n\t<meta name=\"twitter:data1\" content=\"admin\" \/>\n<script type=\"application\/ld+json\" class=\"yoast-schema-graph\">{\"@context\":\"https:\\\/\\\/schema.org\",\"@graph\":[{\"@type\":\"Article\",\"@id\":\"https:\\\/\\\/tennisschule-gerdijan.de\\\/?p=776#article\",\"isPartOf\":{\"@id\":\"https:\\\/\\\/tennisschule-gerdijan.de\\\/?p=776\"},\"author\":{\"name\":\"admin\",\"@id\":\"https:\\\/\\\/tennisschule-gerdijan.de\\\/#\\\/schema\\\/person\\\/03e0f447ebd8e47dcee602b59aa18d3e\"},\"headline\":\"Danilo und Bane Gerdijan in der Tennis Academy Novak \u0110okovi\u0107\",\"datePublished\":\"2022-02-16T10:42:49+00:00\",\"dateModified\":\"2026-07-23T20:20:07+00:00\",\"mainEntityOfPage\":{\"@id\":\"https:\\\/\\\/tennisschule-gerdijan.de\\\/?p=776\"},\"wordCount\":75,\"publisher\":{\"@id\":\"https:\\\/\\\/tennisschule-gerdijan.de\\\/#organization\"},\"image\":{\"@id\":\"https:\\\/\\\/tennisschule-gerdijan.de\\\/?p=776#primaryimage\"},\"thumbnailUrl\":\"https:\\\/\\\/tennisschule-gerdijan.de\\\/wp-content\\\/uploads\\\/2022\\\/02\\\/2022_Djokovic_1.jpg\",\"articleSection\":[\"News\",\"Training\"],\"inLanguage\":\"de\"},{\"@type\":\"WebPage\",\"@id\":\"https:\\\/\\\/tennisschule-gerdijan.de\\\/?p=776\",\"url\":\"https:\\\/\\\/tennisschule-gerdijan.de\\\/?p=776\",\"name\":\"Danilo und Bane Gerdijan in der Tennis Academy Novak \u0110okovi\u0107 - Tennisschule Gerdijan\",\"isPartOf\":{\"@id\":\"https:\\\/\\\/tennisschule-gerdijan.de\\\/#website\"},\"primaryImageOfPage\":{\"@id\":\"https:\\\/\\\/tennisschule-gerdijan.de\\\/?p=776#primaryimage\"},\"image\":{\"@id\":\"https:\\\/\\\/tennisschule-gerdijan.de\\\/?p=776#primaryimage\"},\"thumbnailUrl\":\"https:\\\/\\\/tennisschule-gerdijan.de\\\/wp-content\\\/uploads\\\/2022\\\/02\\\/2022_Djokovic_1.jpg\",\"datePublished\":\"2022-02-16T10:42:49+00:00\",\"dateModified\":\"2026-07-23T20:20:07+00:00\",\"breadcrumb\":{\"@id\":\"https:\\\/\\\/tennisschule-gerdijan.de\\\/?p=776#breadcrumb\"},\"inLanguage\":\"de\",\"potentialAction\":[{\"@type\":\"ReadAction\",\"target\":[\"https:\\\/\\\/tennisschule-gerdijan.de\\\/?p=776\"]}]},{\"@type\":\"ImageObject\",\"inLanguage\":\"de\",\"@id\":\"https:\\\/\\\/tennisschule-gerdijan.de\\\/?p=776#primaryimage\",\"url\":\"https:\\\/\\\/tennisschule-gerdijan.de\\\/wp-content\\\/uploads\\\/2022\\\/02\\\/2022_Djokovic_1.jpg\",\"contentUrl\":\"https:\\\/\\\/tennisschule-gerdijan.de\\\/wp-content\\\/uploads\\\/2022\\\/02\\\/2022_Djokovic_1.jpg\",\"width\":2048,\"height\":1536},{\"@type\":\"BreadcrumbList\",\"@id\":\"https:\\\/\\\/tennisschule-gerdijan.de\\\/?p=776#breadcrumb\",\"itemListElement\":[{\"@type\":\"ListItem\",\"position\":1,\"name\":\"Start\",\"item\":\"https:\\\/\\\/tennisschule-gerdijan.de\\\/\"},{\"@type\":\"ListItem\",\"position\":2,\"name\":\"Danilo und Bane Gerdijan in der Tennis Academy Novak \u0110okovi\u0107\"}]},{\"@type\":\"WebSite\",\"@id\":\"https:\\\/\\\/tennisschule-gerdijan.de\\\/#website\",\"url\":\"https:\\\/\\\/tennisschule-gerdijan.de\\\/\",\"name\":\"Tennisschule Gerdijan\",\"description\":\"Die Tennisschule im Raum Kehl seit 1991!\",\"publisher\":{\"@id\":\"https:\\\/\\\/tennisschule-gerdijan.de\\\/#organization\"},\"potentialAction\":[{\"@type\":\"SearchAction\",\"target\":{\"@type\":\"EntryPoint\",\"urlTemplate\":\"https:\\\/\\\/tennisschule-gerdijan.de\\\/?s={search_term_string}\"},\"query-input\":{\"@type\":\"PropertyValueSpecification\",\"valueRequired\":true,\"valueName\":\"search_term_string\"}}],\"inLanguage\":\"de\"},{\"@type\":\"Organization\",\"@id\":\"https:\\\/\\\/tennisschule-gerdijan.de\\\/#organization\",\"name\":\"Tennisschule Gerdijan\",\"url\":\"https:\\\/\\\/tennisschule-gerdijan.de\\\/\",\"logo\":{\"@type\":\"ImageObject\",\"inLanguage\":\"de\",\"@id\":\"https:\\\/\\\/tennisschule-gerdijan.de\\\/#\\\/schema\\\/logo\\\/image\\\/\",\"url\":\"https:\\\/\\\/tennisschule-gerdijan.de\\\/wp-content\\\/uploads\\\/2020\\\/12\\\/Logo_Tennisschule_Goran_Gerdijan_NEU.png\",\"contentUrl\":\"https:\\\/\\\/tennisschule-gerdijan.de\\\/wp-content\\\/uploads\\\/2020\\\/12\\\/Logo_Tennisschule_Goran_Gerdijan_NEU.png\",\"width\":1280,\"height\":1280,\"caption\":\"Tennisschule Gerdijan\"},\"image\":{\"@id\":\"https:\\\/\\\/tennisschule-gerdijan.de\\\/#\\\/schema\\\/logo\\\/image\\\/\"}},{\"@type\":\"Person\",\"@id\":\"https:\\\/\\\/tennisschule-gerdijan.de\\\/#\\\/schema\\\/person\\\/03e0f447ebd8e47dcee602b59aa18d3e\",\"name\":\"admin\",\"image\":{\"@type\":\"ImageObject\",\"inLanguage\":\"de\",\"@id\":\"https:\\\/\\\/secure.gravatar.com\\\/avatar\\\/6b9ed3d576ce68cd81fbcebf23c17edfdf65fb0f756ca86f02489cb5dfb54fd0?s=96&d=mm&r=g\",\"url\":\"https:\\\/\\\/secure.gravatar.com\\\/avatar\\\/6b9ed3d576ce68cd81fbcebf23c17edfdf65fb0f756ca86f02489cb5dfb54fd0?s=96&d=mm&r=g\",\"contentUrl\":\"https:\\\/\\\/secure.gravatar.com\\\/avatar\\\/6b9ed3d576ce68cd81fbcebf23c17edfdf65fb0f756ca86f02489cb5dfb54fd0?s=96&d=mm&r=g\",\"caption\":\"admin\"},\"sameAs\":[\"https:\\\/\\\/tennisschule-gerdijan.de\"],\"url\":\"https:\\\/\\\/tennisschule-gerdijan.de\\\/?author=1\"}]}<\/script>\n<!-- \/ Yoast SEO plugin. -->","yoast_head_json":{"title":"Danilo und Bane Gerdijan in der Tennis Academy Novak \u0110okovi\u0107 - Tennisschule Gerdijan","description":"Die Br\u00fcder Danilo und Bane Gerdijan sind \u00fcber die Schulferien in Belgrad (Serbien) gewesen und haben dort flei\u00dfig in der Tennis Academy Novak \u0110okovi\u0107 trainiert.","robots":{"index":"index","follow":"follow","max-snippet":"max-snippet:-1","max-image-preview":"max-image-preview:large","max-video-preview":"max-video-preview:-1"},"canonical":"https:\/\/tennisschule-gerdijan.de\/?p=776","og_locale":"de_DE","og_type":"article","og_title":"Danilo und Bane Gerdijan in der Tennis Academy Novak \u0110okovi\u0107 - Tennisschule Gerdijan","og_description":"Die Br\u00fcder Danilo und Bane Gerdijan sind \u00fcber die Schulferien in Belgrad (Serbien) gewesen und haben dort flei\u00dfig in der Tennis Academy Novak \u0110okovi\u0107 trainiert.","og_url":"https:\/\/tennisschule-gerdijan.de\/?p=776","og_site_name":"Tennisschule Gerdijan","article_published_time":"2022-02-16T10:42:49+00:00","article_modified_time":"2026-07-23T20:20:07+00:00","og_image":[{"width":2048,"height":1536,"url":"https:\/\/tennisschule-gerdijan.de\/wp-content\/uploads\/2022\/02\/2022_Djokovic_1.jpg","type":"image\/jpeg"}],"author":"admin","twitter_card":"summary_large_image","twitter_misc":{"Verfasst von":"admin"},"schema":{"@context":"https:\/\/schema.org","@graph":[{"@type":"Article","@id":"https:\/\/tennisschule-gerdijan.de\/?p=776#article","isPartOf":{"@id":"https:\/\/tennisschule-gerdijan.de\/?p=776"},"author":{"name":"admin","@id":"https:\/\/tennisschule-gerdijan.de\/#\/schema\/person\/03e0f447ebd8e47dcee602b59aa18d3e"},"headline":"Danilo und Bane Gerdijan in der Tennis Academy Novak \u0110okovi\u0107","datePublished":"2022-02-16T10:42:49+00:00","dateModified":"2026-07-23T20:20:07+00:00","mainEntityOfPage":{"@id":"https:\/\/tennisschule-gerdijan.de\/?p=776"},"wordCount":75,"publisher":{"@id":"https:\/\/tennisschule-gerdijan.de\/#organization"},"image":{"@id":"https:\/\/tennisschule-gerdijan.de\/?p=776#primaryimage"},"thumbnailUrl":"https:\/\/tennisschule-gerdijan.de\/wp-content\/uploads\/2022\/02\/2022_Djokovic_1.jpg","articleSection":["News","Training"],"inLanguage":"de"},{"@type":"WebPage","@id":"https:\/\/tennisschule-gerdijan.de\/?p=776","url":"https:\/\/tennisschule-gerdijan.de\/?p=776","name":"Danilo und Bane Gerdijan in der Tennis Academy Novak \u0110okovi\u0107 - Tennisschule Gerdijan","isPartOf":{"@id":"https:\/\/tennisschule-gerdijan.de\/#website"},"primaryImageOfPage":{"@id":"https:\/\/tennisschule-gerdijan.de\/?p=776#primaryimage"},"image":{"@id":"https:\/\/tennisschule-gerdijan.de\/?p=776#primaryimage"},"thumbnailUrl":"https:\/\/tennisschule-gerdijan.de\/wp-content\/uploads\/2022\/02\/2022_Djokovic_1.jpg","datePublished":"2022-02-16T10:42:49+00:00","dateModified":"2026-07-23T20:20:07+00:00","breadcrumb":{"@id":"https:\/\/tennisschule-gerdijan.de\/?p=776#breadcrumb"},"inLanguage":"de","potentialAction":[{"@type":"ReadAction","target":["https:\/\/tennisschule-gerdijan.de\/?p=776"]}]},{"@type":"ImageObject","inLanguage":"de","@id":"https:\/\/tennisschule-gerdijan.de\/?p=776#primaryimage","url":"https:\/\/tennisschule-gerdijan.de\/wp-content\/uploads\/2022\/02\/2022_Djokovic_1.jpg","contentUrl":"https:\/\/tennisschule-gerdijan.de\/wp-content\/uploads\/2022\/02\/2022_Djokovic_1.jpg","width":2048,"height":1536},{"@type":"BreadcrumbList","@id":"https:\/\/tennisschule-gerdijan.de\/?p=776#breadcrumb","itemListElement":[{"@type":"ListItem","position":1,"name":"Start","item":"https:\/\/tennisschule-gerdijan.de\/"},{"@type":"ListItem","position":2,"name":"Danilo und Bane Gerdijan in der Tennis Academy Novak \u0110okovi\u0107"}]},{"@type":"WebSite","@id":"https:\/\/tennisschule-gerdijan.de\/#website","url":"https:\/\/tennisschule-gerdijan.de\/","name":"Tennisschule Gerdijan","description":"Die Tennisschule im Raum Kehl seit 1991!","publisher":{"@id":"https:\/\/tennisschule-gerdijan.de\/#organization"},"potentialAction":[{"@type":"SearchAction","target":{"@type":"EntryPoint","urlTemplate":"https:\/\/tennisschule-gerdijan.de\/?s={search_term_string}"},"query-input":{"@type":"PropertyValueSpecification","valueRequired":true,"valueName":"search_term_string"}}],"inLanguage":"de"},{"@type":"Organization","@id":"https:\/\/tennisschule-gerdijan.de\/#organization","name":"Tennisschule Gerdijan","url":"https:\/\/tennisschule-gerdijan.de\/","logo":{"@type":"ImageObject","inLanguage":"de","@id":"https:\/\/tennisschule-gerdijan.de\/#\/schema\/logo\/image\/","url":"https:\/\/tennisschule-gerdijan.de\/wp-content\/uploads\/2020\/12\/Logo_Tennisschule_Goran_Gerdijan_NEU.png","contentUrl":"https:\/\/tennisschule-gerdijan.de\/wp-content\/uploads\/2020\/12\/Logo_Tennisschule_Goran_Gerdijan_NEU.png","width":1280,"height":1280,"caption":"Tennisschule Gerdijan"},"image":{"@id":"https:\/\/tennisschule-gerdijan.de\/#\/schema\/logo\/image\/"}},{"@type":"Person","@id":"https:\/\/tennisschule-gerdijan.de\/#\/schema\/person\/03e0f447ebd8e47dcee602b59aa18d3e","name":"admin","image":{"@type":"ImageObject","inLanguage":"de","@id":"https:\/\/secure.gravatar.com\/avatar\/6b9ed3d576ce68cd81fbcebf23c17edfdf65fb0f756ca86f02489cb5dfb54fd0?s=96&d=mm&r=g","url":"https:\/\/secure.gravatar.com\/avatar\/6b9ed3d576ce68cd81fbcebf23c17edfdf65fb0f756ca86f02489cb5dfb54fd0?s=96&d=mm&r=g","contentUrl":"https:\/\/secure.gravatar.com\/avatar\/6b9ed3d576ce68cd81fbcebf23c17edfdf65fb0f756ca86f02489cb5dfb54fd0?s=96&d=mm&r=g","caption":"admin"},"sameAs":["https:\/\/tennisschule-gerdijan.de"],"url":"https:\/\/tennisschule-gerdijan.de\/?author=1"}]}},"_links":{"self":[{"href":"https:\/\/tennisschule-gerdijan.de\/index.php?rest_route=\/wp\/v2\/posts\/776","targetHints":{"allow":["GET"]}}],"collection":[{"href":"https:\/\/tennisschule-gerdijan.de\/index.php?rest_route=\/wp\/v2\/posts"}],"about":[{"href":"https:\/\/tennisschule-gerdijan.de\/index.php?rest_route=\/wp\/v2\/types\/post"}],"author":[{"embeddable":true,"href":"https:\/\/tennisschule-gerdijan.de\/index.php?rest_route=\/wp\/v2\/users\/1"}],"replies":[{"embeddable":true,"href":"https:\/\/tennisschule-gerdijan.de\/index.php?rest_route=%2Fwp%2Fv2%2Fcomments&post=776"}],"version-history":[{"count":1,"href":"https:\/\/tennisschule-gerdijan.de\/index.php?rest_route=\/wp\/v2\/posts\/776\/revisions"}],"predecessor-version":[{"id":779,"href":"https:\/\/tennisschule-gerdijan.de\/index.php?rest_route=\/wp\/v2\/posts\/776\/revisions\/779"}],"wp:featuredmedia":[{"embeddable":true,"href":"https:\/\/tennisschule-gerdijan.de\/index.php?rest_route=\/wp\/v2\/media\/777"}],"wp:attachment":[{"href":"https:\/\/tennisschule-gerdijan.de\/index.php?rest_route=%2Fwp%2Fv2%2Fmedia&parent=776"}],"wp:term":[{"taxonomy":"category","embeddable":true,"href":"https:\/\/tennisschule-gerdijan.de\/index.php?rest_route=%2Fwp%2Fv2%2Fcategories&post=776"},{"taxonomy":"post_tag","embeddable":true,"href":"https:\/\/tennisschule-gerdijan.de\/index.php?rest_route=%2Fwp%2Fv2%2Ftags&post=776"}],"curies":[{"name":"wp","href":"https:\/\/api.w.org\/{rel}","templated":true}]}}