{"id":488,"date":"2020-11-10T08:42:00","date_gmt":"2020-11-10T08:42:00","guid":{"rendered":"https:\/\/tennisschule-gerdijan.de\/?p=488"},"modified":"2026-07-23T20:20:07","modified_gmt":"2026-07-23T20:20:07","slug":"tenniscamp-in-den-herbstferien","status":"publish","type":"post","link":"https:\/\/tennisschule-gerdijan.de\/?p=488","title":{"rendered":"Tenniscamp in den Herbstferien"},"content":{"rendered":"\r\n<p>Bei herrlichem Wetter fand unser diesj\u00e4hriges Tenniscamp in den Herbstferien auf unserer Au\u00dfenanlage statt. Zahlreiche Kinder nahmen am dreit\u00e4tigen Camp teil, das von der Tennisschule Goran Gerdijan geplant, organisiert und umgesetzt wurde. <\/p>\r\n","protected":false},"excerpt":{"rendered":"<p>Bei herrlichem Wetter fand unser diesj\u00e4hriges Tenniscamp in den Herbstferien auf unserer Au\u00dfenanlage statt.<\/p>\n","protected":false},"author":1,"featured_media":53,"comment_status":"closed","ping_status":"open","sticky":false,"template":"","format":"standard","meta":{"footnotes":""},"categories":[4,8],"tags":[],"class_list":["post-488","post","type-post","status-publish","format-standard","has-post-thumbnail","hentry","category-jugend","category-training"],"yoast_head":"<!-- This site is optimized with the Yoast SEO plugin v27.3 - https:\/\/yoast.com\/product\/yoast-seo-wordpress\/ -->\n<title>Tenniscamp in den Herbstferien - Tennisschule Gerdijan<\/title>\n<meta name=\"description\" content=\"Bei herrlichem Wetter fand unser diesj\u00e4hriges Tenniscamp in den Herbstferien auf unserer Au\u00dfenanlage statt.\" \/>\n<meta name=\"robots\" content=\"index, follow, max-snippet:-1, max-image-preview:large, max-video-preview:-1\" \/>\n<link rel=\"canonical\" href=\"https:\/\/tennisschule-gerdijan.de\/?p=488\" \/>\n<meta property=\"og:locale\" content=\"de_DE\" \/>\n<meta property=\"og:type\" content=\"article\" \/>\n<meta property=\"og:title\" content=\"Tenniscamp in den Herbstferien - Tennisschule Gerdijan\" \/>\n<meta property=\"og:description\" content=\"Bei herrlichem Wetter fand unser diesj\u00e4hriges Tenniscamp in den Herbstferien auf unserer Au\u00dfenanlage statt.\" \/>\n<meta property=\"og:url\" content=\"https:\/\/tennisschule-gerdijan.de\/?p=488\" \/>\n<meta property=\"og:site_name\" content=\"Tennisschule Gerdijan\" \/>\n<meta property=\"article:published_time\" content=\"2020-11-10T08:42:00+00:00\" \/>\n<meta property=\"article:modified_time\" content=\"2026-07-23T20:20:07+00:00\" \/>\n<meta property=\"og:image\" content=\"https:\/\/tennisschule-gerdijan.de\/wp-content\/uploads\/2020\/12\/IMG_3932.jpg\" \/>\n\t<meta property=\"og:image:width\" content=\"640\" \/>\n\t<meta property=\"og:image:height\" content=\"638\" \/>\n\t<meta property=\"og:image:type\" content=\"image\/jpeg\" \/>\n<meta name=\"author\" content=\"admin\" \/>\n<meta name=\"twitter:card\" content=\"summary_large_image\" \/>\n<meta name=\"twitter:label1\" content=\"Verfasst von\" \/>\n\t<meta name=\"twitter:data1\" content=\"admin\" \/>\n<script type=\"application\/ld+json\" class=\"yoast-schema-graph\">{\"@context\":\"https:\\\/\\\/schema.org\",\"@graph\":[{\"@type\":\"Article\",\"@id\":\"https:\\\/\\\/tennisschule-gerdijan.de\\\/?p=488#article\",\"isPartOf\":{\"@id\":\"https:\\\/\\\/tennisschule-gerdijan.de\\\/?p=488\"},\"author\":{\"name\":\"admin\",\"@id\":\"https:\\\/\\\/tennisschule-gerdijan.de\\\/#\\\/schema\\\/person\\\/03e0f447ebd8e47dcee602b59aa18d3e\"},\"headline\":\"Tenniscamp in den Herbstferien\",\"datePublished\":\"2020-11-10T08:42:00+00:00\",\"dateModified\":\"2026-07-23T20:20:07+00:00\",\"mainEntityOfPage\":{\"@id\":\"https:\\\/\\\/tennisschule-gerdijan.de\\\/?p=488\"},\"wordCount\":39,\"publisher\":{\"@id\":\"https:\\\/\\\/tennisschule-gerdijan.de\\\/#organization\"},\"image\":{\"@id\":\"https:\\\/\\\/tennisschule-gerdijan.de\\\/?p=488#primaryimage\"},\"thumbnailUrl\":\"https:\\\/\\\/tennisschule-gerdijan.de\\\/wp-content\\\/uploads\\\/2020\\\/12\\\/IMG_3932.jpg\",\"articleSection\":[\"Jugend\",\"Training\"],\"inLanguage\":\"de\"},{\"@type\":\"WebPage\",\"@id\":\"https:\\\/\\\/tennisschule-gerdijan.de\\\/?p=488\",\"url\":\"https:\\\/\\\/tennisschule-gerdijan.de\\\/?p=488\",\"name\":\"Tenniscamp in den Herbstferien - Tennisschule Gerdijan\",\"isPartOf\":{\"@id\":\"https:\\\/\\\/tennisschule-gerdijan.de\\\/#website\"},\"primaryImageOfPage\":{\"@id\":\"https:\\\/\\\/tennisschule-gerdijan.de\\\/?p=488#primaryimage\"},\"image\":{\"@id\":\"https:\\\/\\\/tennisschule-gerdijan.de\\\/?p=488#primaryimage\"},\"thumbnailUrl\":\"https:\\\/\\\/tennisschule-gerdijan.de\\\/wp-content\\\/uploads\\\/2020\\\/12\\\/IMG_3932.jpg\",\"datePublished\":\"2020-11-10T08:42:00+00:00\",\"dateModified\":\"2026-07-23T20:20:07+00:00\",\"breadcrumb\":{\"@id\":\"https:\\\/\\\/tennisschule-gerdijan.de\\\/?p=488#breadcrumb\"},\"inLanguage\":\"de\",\"potentialAction\":[{\"@type\":\"ReadAction\",\"target\":[\"https:\\\/\\\/tennisschule-gerdijan.de\\\/?p=488\"]}]},{\"@type\":\"ImageObject\",\"inLanguage\":\"de\",\"@id\":\"https:\\\/\\\/tennisschule-gerdijan.de\\\/?p=488#primaryimage\",\"url\":\"https:\\\/\\\/tennisschule-gerdijan.de\\\/wp-content\\\/uploads\\\/2020\\\/12\\\/IMG_3932.jpg\",\"contentUrl\":\"https:\\\/\\\/tennisschule-gerdijan.de\\\/wp-content\\\/uploads\\\/2020\\\/12\\\/IMG_3932.jpg\",\"width\":640,\"height\":638},{\"@type\":\"BreadcrumbList\",\"@id\":\"https:\\\/\\\/tennisschule-gerdijan.de\\\/?p=488#breadcrumb\",\"itemListElement\":[{\"@type\":\"ListItem\",\"position\":1,\"name\":\"Start\",\"item\":\"https:\\\/\\\/tennisschule-gerdijan.de\\\/\"},{\"@type\":\"ListItem\",\"position\":2,\"name\":\"Tenniscamp in den Herbstferien\"}]},{\"@type\":\"WebSite\",\"@id\":\"https:\\\/\\\/tennisschule-gerdijan.de\\\/#website\",\"url\":\"https:\\\/\\\/tennisschule-gerdijan.de\\\/\",\"name\":\"Tennisschule Gerdijan\",\"description\":\"Die Tennisschule im Raum Kehl seit 1991!\",\"publisher\":{\"@id\":\"https:\\\/\\\/tennisschule-gerdijan.de\\\/#organization\"},\"potentialAction\":[{\"@type\":\"SearchAction\",\"target\":{\"@type\":\"EntryPoint\",\"urlTemplate\":\"https:\\\/\\\/tennisschule-gerdijan.de\\\/?s={search_term_string}\"},\"query-input\":{\"@type\":\"PropertyValueSpecification\",\"valueRequired\":true,\"valueName\":\"search_term_string\"}}],\"inLanguage\":\"de\"},{\"@type\":\"Organization\",\"@id\":\"https:\\\/\\\/tennisschule-gerdijan.de\\\/#organization\",\"name\":\"Tennisschule Gerdijan\",\"url\":\"https:\\\/\\\/tennisschule-gerdijan.de\\\/\",\"logo\":{\"@type\":\"ImageObject\",\"inLanguage\":\"de\",\"@id\":\"https:\\\/\\\/tennisschule-gerdijan.de\\\/#\\\/schema\\\/logo\\\/image\\\/\",\"url\":\"https:\\\/\\\/tennisschule-gerdijan.de\\\/wp-content\\\/uploads\\\/2020\\\/12\\\/Logo_Tennisschule_Goran_Gerdijan_NEU.png\",\"contentUrl\":\"https:\\\/\\\/tennisschule-gerdijan.de\\\/wp-content\\\/uploads\\\/2020\\\/12\\\/Logo_Tennisschule_Goran_Gerdijan_NEU.png\",\"width\":1280,\"height\":1280,\"caption\":\"Tennisschule Gerdijan\"},\"image\":{\"@id\":\"https:\\\/\\\/tennisschule-gerdijan.de\\\/#\\\/schema\\\/logo\\\/image\\\/\"}},{\"@type\":\"Person\",\"@id\":\"https:\\\/\\\/tennisschule-gerdijan.de\\\/#\\\/schema\\\/person\\\/03e0f447ebd8e47dcee602b59aa18d3e\",\"name\":\"admin\",\"image\":{\"@type\":\"ImageObject\",\"inLanguage\":\"de\",\"@id\":\"https:\\\/\\\/secure.gravatar.com\\\/avatar\\\/6b9ed3d576ce68cd81fbcebf23c17edfdf65fb0f756ca86f02489cb5dfb54fd0?s=96&d=mm&r=g\",\"url\":\"https:\\\/\\\/secure.gravatar.com\\\/avatar\\\/6b9ed3d576ce68cd81fbcebf23c17edfdf65fb0f756ca86f02489cb5dfb54fd0?s=96&d=mm&r=g\",\"contentUrl\":\"https:\\\/\\\/secure.gravatar.com\\\/avatar\\\/6b9ed3d576ce68cd81fbcebf23c17edfdf65fb0f756ca86f02489cb5dfb54fd0?s=96&d=mm&r=g\",\"caption\":\"admin\"},\"sameAs\":[\"https:\\\/\\\/tennisschule-gerdijan.de\"],\"url\":\"https:\\\/\\\/tennisschule-gerdijan.de\\\/?author=1\"}]}<\/script>\n<!-- \/ Yoast SEO plugin. -->","yoast_head_json":{"title":"Tenniscamp in den Herbstferien - Tennisschule Gerdijan","description":"Bei herrlichem Wetter fand unser diesj\u00e4hriges Tenniscamp in den Herbstferien auf unserer Au\u00dfenanlage statt.","robots":{"index":"index","follow":"follow","max-snippet":"max-snippet:-1","max-image-preview":"max-image-preview:large","max-video-preview":"max-video-preview:-1"},"canonical":"https:\/\/tennisschule-gerdijan.de\/?p=488","og_locale":"de_DE","og_type":"article","og_title":"Tenniscamp in den Herbstferien - Tennisschule Gerdijan","og_description":"Bei herrlichem Wetter fand unser diesj\u00e4hriges Tenniscamp in den Herbstferien auf unserer Au\u00dfenanlage statt.","og_url":"https:\/\/tennisschule-gerdijan.de\/?p=488","og_site_name":"Tennisschule Gerdijan","article_published_time":"2020-11-10T08:42:00+00:00","article_modified_time":"2026-07-23T20:20:07+00:00","og_image":[{"width":640,"height":638,"url":"https:\/\/tennisschule-gerdijan.de\/wp-content\/uploads\/2020\/12\/IMG_3932.jpg","type":"image\/jpeg"}],"author":"admin","twitter_card":"summary_large_image","twitter_misc":{"Verfasst von":"admin"},"schema":{"@context":"https:\/\/schema.org","@graph":[{"@type":"Article","@id":"https:\/\/tennisschule-gerdijan.de\/?p=488#article","isPartOf":{"@id":"https:\/\/tennisschule-gerdijan.de\/?p=488"},"author":{"name":"admin","@id":"https:\/\/tennisschule-gerdijan.de\/#\/schema\/person\/03e0f447ebd8e47dcee602b59aa18d3e"},"headline":"Tenniscamp in den Herbstferien","datePublished":"2020-11-10T08:42:00+00:00","dateModified":"2026-07-23T20:20:07+00:00","mainEntityOfPage":{"@id":"https:\/\/tennisschule-gerdijan.de\/?p=488"},"wordCount":39,"publisher":{"@id":"https:\/\/tennisschule-gerdijan.de\/#organization"},"image":{"@id":"https:\/\/tennisschule-gerdijan.de\/?p=488#primaryimage"},"thumbnailUrl":"https:\/\/tennisschule-gerdijan.de\/wp-content\/uploads\/2020\/12\/IMG_3932.jpg","articleSection":["Jugend","Training"],"inLanguage":"de"},{"@type":"WebPage","@id":"https:\/\/tennisschule-gerdijan.de\/?p=488","url":"https:\/\/tennisschule-gerdijan.de\/?p=488","name":"Tenniscamp in den Herbstferien - Tennisschule Gerdijan","isPartOf":{"@id":"https:\/\/tennisschule-gerdijan.de\/#website"},"primaryImageOfPage":{"@id":"https:\/\/tennisschule-gerdijan.de\/?p=488#primaryimage"},"image":{"@id":"https:\/\/tennisschule-gerdijan.de\/?p=488#primaryimage"},"thumbnailUrl":"https:\/\/tennisschule-gerdijan.de\/wp-content\/uploads\/2020\/12\/IMG_3932.jpg","datePublished":"2020-11-10T08:42:00+00:00","dateModified":"2026-07-23T20:20:07+00:00","breadcrumb":{"@id":"https:\/\/tennisschule-gerdijan.de\/?p=488#breadcrumb"},"inLanguage":"de","potentialAction":[{"@type":"ReadAction","target":["https:\/\/tennisschule-gerdijan.de\/?p=488"]}]},{"@type":"ImageObject","inLanguage":"de","@id":"https:\/\/tennisschule-gerdijan.de\/?p=488#primaryimage","url":"https:\/\/tennisschule-gerdijan.de\/wp-content\/uploads\/2020\/12\/IMG_3932.jpg","contentUrl":"https:\/\/tennisschule-gerdijan.de\/wp-content\/uploads\/2020\/12\/IMG_3932.jpg","width":640,"height":638},{"@type":"BreadcrumbList","@id":"https:\/\/tennisschule-gerdijan.de\/?p=488#breadcrumb","itemListElement":[{"@type":"ListItem","position":1,"name":"Start","item":"https:\/\/tennisschule-gerdijan.de\/"},{"@type":"ListItem","position":2,"name":"Tenniscamp in den Herbstferien"}]},{"@type":"WebSite","@id":"https:\/\/tennisschule-gerdijan.de\/#website","url":"https:\/\/tennisschule-gerdijan.de\/","name":"Tennisschule Gerdijan","description":"Die Tennisschule im Raum Kehl seit 1991!","publisher":{"@id":"https:\/\/tennisschule-gerdijan.de\/#organization"},"potentialAction":[{"@type":"SearchAction","target":{"@type":"EntryPoint","urlTemplate":"https:\/\/tennisschule-gerdijan.de\/?s={search_term_string}"},"query-input":{"@type":"PropertyValueSpecification","valueRequired":true,"valueName":"search_term_string"}}],"inLanguage":"de"},{"@type":"Organization","@id":"https:\/\/tennisschule-gerdijan.de\/#organization","name":"Tennisschule Gerdijan","url":"https:\/\/tennisschule-gerdijan.de\/","logo":{"@type":"ImageObject","inLanguage":"de","@id":"https:\/\/tennisschule-gerdijan.de\/#\/schema\/logo\/image\/","url":"https:\/\/tennisschule-gerdijan.de\/wp-content\/uploads\/2020\/12\/Logo_Tennisschule_Goran_Gerdijan_NEU.png","contentUrl":"https:\/\/tennisschule-gerdijan.de\/wp-content\/uploads\/2020\/12\/Logo_Tennisschule_Goran_Gerdijan_NEU.png","width":1280,"height":1280,"caption":"Tennisschule Gerdijan"},"image":{"@id":"https:\/\/tennisschule-gerdijan.de\/#\/schema\/logo\/image\/"}},{"@type":"Person","@id":"https:\/\/tennisschule-gerdijan.de\/#\/schema\/person\/03e0f447ebd8e47dcee602b59aa18d3e","name":"admin","image":{"@type":"ImageObject","inLanguage":"de","@id":"https:\/\/secure.gravatar.com\/avatar\/6b9ed3d576ce68cd81fbcebf23c17edfdf65fb0f756ca86f02489cb5dfb54fd0?s=96&d=mm&r=g","url":"https:\/\/secure.gravatar.com\/avatar\/6b9ed3d576ce68cd81fbcebf23c17edfdf65fb0f756ca86f02489cb5dfb54fd0?s=96&d=mm&r=g","contentUrl":"https:\/\/secure.gravatar.com\/avatar\/6b9ed3d576ce68cd81fbcebf23c17edfdf65fb0f756ca86f02489cb5dfb54fd0?s=96&d=mm&r=g","caption":"admin"},"sameAs":["https:\/\/tennisschule-gerdijan.de"],"url":"https:\/\/tennisschule-gerdijan.de\/?author=1"}]}},"_links":{"self":[{"href":"https:\/\/tennisschule-gerdijan.de\/index.php?rest_route=\/wp\/v2\/posts\/488","targetHints":{"allow":["GET"]}}],"collection":[{"href":"https:\/\/tennisschule-gerdijan.de\/index.php?rest_route=\/wp\/v2\/posts"}],"about":[{"href":"https:\/\/tennisschule-gerdijan.de\/index.php?rest_route=\/wp\/v2\/types\/post"}],"author":[{"embeddable":true,"href":"https:\/\/tennisschule-gerdijan.de\/index.php?rest_route=\/wp\/v2\/users\/1"}],"replies":[{"embeddable":true,"href":"https:\/\/tennisschule-gerdijan.de\/index.php?rest_route=%2Fwp%2Fv2%2Fcomments&post=488"}],"version-history":[{"count":1,"href":"https:\/\/tennisschule-gerdijan.de\/index.php?rest_route=\/wp\/v2\/posts\/488\/revisions"}],"predecessor-version":[{"id":489,"href":"https:\/\/tennisschule-gerdijan.de\/index.php?rest_route=\/wp\/v2\/posts\/488\/revisions\/489"}],"wp:featuredmedia":[{"embeddable":true,"href":"https:\/\/tennisschule-gerdijan.de\/index.php?rest_route=\/wp\/v2\/media\/53"}],"wp:attachment":[{"href":"https:\/\/tennisschule-gerdijan.de\/index.php?rest_route=%2Fwp%2Fv2%2Fmedia&parent=488"}],"wp:term":[{"taxonomy":"category","embeddable":true,"href":"https:\/\/tennisschule-gerdijan.de\/index.php?rest_route=%2Fwp%2Fv2%2Fcategories&post=488"},{"taxonomy":"post_tag","embeddable":true,"href":"https:\/\/tennisschule-gerdijan.de\/index.php?rest_route=%2Fwp%2Fv2%2Ftags&post=488"}],"curies":[{"name":"wp","href":"https:\/\/api.w.org\/{rel}","templated":true}]}}